{"id":2161,"date":"2022-12-25T10:22:00","date_gmt":"2022-12-25T10:22:00","guid":{"rendered":"https:\/\/msf.mademo.be\/south-sudan-graduation-day-at-msfs-college-within-a-hospital\/"},"modified":"2025-04-07T11:42:04","modified_gmt":"2025-04-07T11:42:04","slug":"south-sudan-graduation-day-at-msfs-college-within-a-hospital","status":"publish","type":"post","link":"https:\/\/academy.msf.org\/fr\/south-sudan-graduation-day-at-msfs-college-within-a-hospital\/","title":{"rendered":"Soudan du Sud : Remise des dipl\u00f4mes \u00e0 \u00ab l\u2019\u00e9cole dans l\u2019h\u00f4pital \u00bb de MSF"},"content":{"rendered":"\n<p><sub>D\u00e9cembre 2022<\/sub><\/p>\n\n\n\n<p><\/p>\n\n\n\n<figure class=\"wp-block-image size-full\"><img loading=\"lazy\" decoding=\"async\" width=\"180\" height=\"180\" src=\"https:\/\/academy.msf.org\/app\/uploads\/2022\/12\/Wilson-Thiongo-MSF-nurse-trainer.jpg\" alt=\"\" class=\"wp-image-3848\" title=\"Nurse and MSF Academy training manager\" srcset=\"https:\/\/academy.msf.org\/app\/uploads\/2022\/12\/Wilson-Thiongo-MSF-nurse-trainer.jpg 180w, https:\/\/academy.msf.org\/app\/uploads\/2022\/12\/Wilson-Thiongo-MSF-nurse-trainer-150x150.jpg 150w\" sizes=\"auto, (max-width: 180px) 100vw, 180px\" \/><\/figure>\n\n\n\n<p><sub><strong>Wilson Thiongo<\/strong><\/sub><\/p>\n\n\n\n<p>Manager p\u00e9dagogique de l&#8217;Acad\u00e9mie MSF au Soudan du Sud<\/p>\n\n\n\n<p><\/p>\n\n\n\n<p>Wilson Thiongo partage son exp\u00e9rience de formateur de personnel infirmier avec l&#8217;Acad\u00e9mie MSF, ainsi que des photos d&#8217;une journ\u00e9e de remise de dipl\u00f4mes dans une r\u00e9gion recul\u00e9e du Soudan du Sud.<\/p>\n\n\n\n<p><\/p>\n\n\n\n<hr class=\"wp-block-separator has-alpha-channel-opacity\"\/>\n\n\n\n<p><\/p>\n\n\n\n<p>Le fait d&#8217;\u00eatre passionn\u00e9 par ma carri\u00e8re d&#8217;infirmier et de vouloir mettre mes comp\u00e9tences au service de tous m&#8217;a amen\u00e9e \u00e0 travailler dans le domaine de I&#8217;aide humanitaire.<\/p>\n\n\n\n<p>J&#8217;ai entendu parler de MSF pour la premi\u00e8re fois en 2011 par mes coll\u00e8gues, juste apr\u00e8s la fin de notre stage. J&#8217;ai ensuite fait des recherches sur les activit\u00e9s et le fonctionnement de l&#8217;organisation.<\/p>\n\n\n\n<p>J&#8217;y ai vu l&#8217;avenir de ma carri\u00e8re et j&#8217;ai commenc\u00e9 \u00e0 chercher des opportunit\u00e9s pour rejoindre l&#8217;organisation.<\/p>\n\n\n\n<figure class=\"wp-block-image aligncenter size-full is-resized\"><img loading=\"lazy\" decoding=\"async\" width=\"1000\" height=\"750\" src=\"https:\/\/academy.msf.org\/app\/uploads\/2022\/12\/P1002167-2.jpg\" alt=\"\" class=\"wp-image-3851\" style=\"aspect-ratio:1.3350785340314135;width:788px;height:auto\" title=\"During a training session, nursing students Gatjang Thiep and Tabitha Nyayual insert a nasal catheter into a child medical manne\" srcset=\"https:\/\/academy.msf.org\/app\/uploads\/2022\/12\/P1002167-2.jpg 1000w, https:\/\/academy.msf.org\/app\/uploads\/2022\/12\/P1002167-2-300x225.jpg 300w, https:\/\/academy.msf.org\/app\/uploads\/2022\/12\/P1002167-2-768x576.jpg 768w\" sizes=\"auto, (max-width: 1000px) 100vw, 1000px\" \/><\/figure>\n\n\n\n<p><\/p>\n\n\n\n<figure class=\"wp-block-image aligncenter size-full is-resized\"><img loading=\"lazy\" decoding=\"async\" width=\"1000\" height=\"750\" src=\"https:\/\/academy.msf.org\/app\/uploads\/2022\/12\/P1002026-2.jpg\" alt=\"\" class=\"wp-image-3853\" style=\"aspect-ratio:1.3368146214099217;width:796px;height:auto\" title=\"Gabriel Kalany, an MSF Academy student, gets ready for a 'skills lab' session in Old Fangak\" srcset=\"https:\/\/academy.msf.org\/app\/uploads\/2022\/12\/P1002026-2.jpg 1000w, https:\/\/academy.msf.org\/app\/uploads\/2022\/12\/P1002026-2-300x225.jpg 300w, https:\/\/academy.msf.org\/app\/uploads\/2022\/12\/P1002026-2-768x576.jpg 768w\" sizes=\"auto, (max-width: 1000px) 100vw, 1000px\" \/><\/figure>\n\n\n\n<p><\/p>\n\n\n\n<p>En 2019, j&#8217;ai eu la chance d&#8217;obtenir un emploi \u00e0 l&#8217;Acad\u00e9mie MSF pour les Soins de Sant\u00e9. J&#8217;\u00e9tais charg\u00e9 de mettre en \u0153uvre le programme de Soins Infirmiers Cliniques de Base pour les infirmiers et les sages-femmes.<\/p>\n\n\n\n<p>Depuis, j&#8217;ai travaill\u00e9 dans de nombreux endroits au Soudan du Sud, notamment \u00e0 Juba, Old Fangak, Bentiu et Malakal.<\/p>\n\n\n\n<p>MSF travaille dans des zones recul\u00e9es avec des communaut\u00e9s vuln\u00e9rables et marginalis\u00e9es &#8211; des endroits o\u00f9 le personnel de sant\u00e9 qualifi\u00e9 est souvent limit\u00e9. C&#8217;est pourquoi nous formons le personnel sur le terrain afin qu&#8217;il puisse effectuer des interventions m\u00e9dicales en toute s\u00e9curit\u00e9.<\/p>\n\n\n\n<figure class=\"wp-block-image aligncenter size-full is-resized\"><img loading=\"lazy\" decoding=\"async\" width=\"1000\" height=\"750\" src=\"https:\/\/academy.msf.org\/app\/uploads\/2022\/12\/P1002518-2.jpg\" alt=\"\" class=\"wp-image-3855\" style=\"aspect-ratio:1.3357142857142856;width:793px;height:auto\" title=\"MSF staff watch the academy class graduate from Old Fangak\" srcset=\"https:\/\/academy.msf.org\/app\/uploads\/2022\/12\/P1002518-2.jpg 1000w, https:\/\/academy.msf.org\/app\/uploads\/2022\/12\/P1002518-2-300x225.jpg 300w, https:\/\/academy.msf.org\/app\/uploads\/2022\/12\/P1002518-2-768x576.jpg 768w\" sizes=\"auto, (max-width: 1000px) 100vw, 1000px\" \/><\/figure>\n\n\n\n<p><\/p>\n\n\n\n<p>L&#8217;Acad\u00e9mie MSF vise \u00e0 professionnaliser et \u00e0 formaliser cette formation. Nous travaillons avec des tuteurs qualifi\u00e9s et exp\u00e9riment\u00e9s dans le domaine du mentorat.<\/p>\n\n\n\n<p>L&#8217;Acad\u00e9mie est comme une \u00e9cole mobile qui visite un projet hospitalier. Nous organisons des cours en salle de classe ainsi que des enseignements au chevet des patients, en utilisant un vivier de personnel m\u00e9dical qui travaille en tant que tuteurs. Je supervise et encadre cette \u00e9quipe.<\/p>\n\n\n\n<p>Depuis que j&#8217;ai rejoint l&#8217;Acad\u00e9mie MSF, j&#8217;ai pu constater l&#8217;impact de la formation sur notre personnel soignant et sur les patients que nous soignons en am\u00e9liorant la qualit\u00e9 des soins que nous prodiguons.<\/p>\n\n\n\n<figure class=\"wp-block-image aligncenter size-full is-resized\"><img loading=\"lazy\" decoding=\"async\" width=\"750\" height=\"1000\" src=\"https:\/\/academy.msf.org\/app\/uploads\/2022\/12\/P1002788-2.jpg\" alt=\"\" class=\"wp-image-3859\" style=\"width:481px;height:641px\" title=\"Nursing student Mary Nyajiek holds her certificate at the graduation ceremony\" srcset=\"https:\/\/academy.msf.org\/app\/uploads\/2022\/12\/P1002788-2.jpg 750w, https:\/\/academy.msf.org\/app\/uploads\/2022\/12\/P1002788-2-225x300.jpg 225w\" sizes=\"auto, (max-width: 750px) 100vw, 750px\" \/><\/figure>\n\n\n\n<p><\/p>\n\n\n\n<figure class=\"wp-block-image aligncenter size-full is-resized\"><img loading=\"lazy\" decoding=\"async\" width=\"750\" height=\"1000\" src=\"https:\/\/academy.msf.org\/app\/uploads\/2022\/12\/P1002722-2.jpg\" alt=\"\" class=\"wp-image-3857\" style=\"width:481px;height:641px\" title=\"The MSF Academy students spend 18 months training before they graduate\" srcset=\"https:\/\/academy.msf.org\/app\/uploads\/2022\/12\/P1002722-2.jpg 750w, https:\/\/academy.msf.org\/app\/uploads\/2022\/12\/P1002722-2-225x300.jpg 225w\" sizes=\"auto, (max-width: 750px) 100vw, 750px\" \/><\/figure>\n\n\n\n<p><\/p>\n\n\n\n<p>Bien que nous travaillions dans un environnement hospitalier, nous g\u00e9rons l&#8217;Acad\u00e9mie MSF comme n&#8217;importe quel autre \u00e9tablissement d&#8217;enseignement.<\/p>\n\n\n\n<p>Au cours d&#8217;une journ\u00e9e normale, je me rends dans les salles de classe pour m&#8217;assurer que les tuteurs sont pr\u00eats, je v\u00e9rifie les plans des sessions et je m&#8217;assure que les cours se d\u00e9roulent bien.<\/p>\n\n\n\n<p>Je me rends \u00e9galement dans les h\u00f4pitaux pour voir comment les tuteurs m\u00e9dicaux s&#8217;int\u00e8grent au reste de l&#8217;\u00e9quipe tout en soutenant les mentors cliniques dans leurs activit\u00e9s quotidiennes dans les services.<\/p>\n\n\n\n<figure class=\"wp-block-image aligncenter size-full is-resized\"><img loading=\"lazy\" decoding=\"async\" width=\"1000\" height=\"750\" src=\"https:\/\/academy.msf.org\/app\/uploads\/2022\/12\/P1002680-2.jpg\" alt=\"\" class=\"wp-image-3865\" style=\"aspect-ratio:1.335680751173709;width:783px;height:auto\" title=\"Medical staff and community members celebrate at an MSF Academy graduation ceremony in Old Fangak, South Sudan\" srcset=\"https:\/\/academy.msf.org\/app\/uploads\/2022\/12\/P1002680-2.jpg 1000w, https:\/\/academy.msf.org\/app\/uploads\/2022\/12\/P1002680-2-300x225.jpg 300w, https:\/\/academy.msf.org\/app\/uploads\/2022\/12\/P1002680-2-768x576.jpg 768w\" sizes=\"auto, (max-width: 1000px) 100vw, 1000px\" \/><\/figure>\n\n\n\n<p><\/p>\n\n\n\n<figure class=\"wp-block-image aligncenter size-full is-resized\"><img loading=\"lazy\" decoding=\"async\" width=\"1000\" height=\"750\" src=\"https:\/\/academy.msf.org\/app\/uploads\/2022\/12\/P1002825-2-1.jpg\" alt=\"\" class=\"wp-image-3867\" style=\"width:787px;height:590px\" title=\"A group photo of the MSF Academy class from Old Fangak\" srcset=\"https:\/\/academy.msf.org\/app\/uploads\/2022\/12\/P1002825-2-1.jpg 1000w, https:\/\/academy.msf.org\/app\/uploads\/2022\/12\/P1002825-2-1-300x225.jpg 300w, https:\/\/academy.msf.org\/app\/uploads\/2022\/12\/P1002825-2-1-768x576.jpg 768w\" sizes=\"auto, (max-width: 1000px) 100vw, 1000px\" \/><\/figure>\n\n\n\n<p><\/p>\n\n\n\n<p>L&#8217;une des choses dont je me r\u00e9jouis le plus est de voir comment l&#8217;Acad\u00e9mie MSF contribue \u00e0 am\u00e9liorer les choses dans les centres de sant\u00e9 o\u00f9 nous travaillons et, en m\u00eame temps, \u00e0 renforcer l&#8217;autonomie des personnes que nous formons.<\/p>\n\n\n\n<p>Le moment dont je suis le plus fier s&#8217;est d\u00e9roul\u00e9 au d\u00e9but du mois de juin de cette ann\u00e9e, lorsque le premier groupe d&#8217;\u00e9tudiants a re\u00e7u son dipl\u00f4me \u00e0 Old Fangak, une petite ville rurale isol\u00e9e du Soudan du Sud o\u00f9 MSF g\u00e8re un h\u00f4pital.<\/p>\n\n\n\n<p>C&#8217;est \u00e0 ce moment-l\u00e0 que j&#8217;ai r\u00e9alis\u00e9 l&#8217;ampleur et l&#8217;impact de la formation que nous avons offerte. C&#8217;\u00e9tait encore plus gratifiant de voir la communaut\u00e9 se joindre \u00e0 nous pour c\u00e9l\u00e9brer et soutenir les dipl\u00f4m\u00e9s.<\/p>\n\n\n\n<p>En tant que formateur d&#8217;infirmiers, je suis maintenant plus motiv\u00e9 pour transmettre et partager mes connaissances et mes comp\u00e9tences avec les futurs infirmiers, afin qu&#8217;ils soient en mesure de donner de meilleurs soins \u00e0 leurs patients et de sauver plus de vies.<\/p>\n\n\n\n<p><\/p>\n\n\n\n<p><\/p>\n","protected":false},"excerpt":{"rendered":"<p>D\u00e9cembre 2022 Wilson Thiongo Manager p\u00e9dagogique de l&#8217;Acad\u00e9mie MSF au Soudan du Sud Wilson Thiongo partage son exp\u00e9rience de formateur de personnel infirmier avec l&#8217;Acad\u00e9mie MSF, ainsi que des photos d&#8217;une journ\u00e9e de remise de dipl\u00f4mes dans une r\u00e9gion recul\u00e9e du Soudan du Sud. Le fait d&#8217;\u00eatre passionn\u00e9 par ma carri\u00e8re d&#8217;infirmier et de vouloir [&hellip;]<\/p>\n","protected":false},"author":2,"featured_media":3865,"comment_status":"closed","ping_status":"closed","sticky":false,"template":"","format":"standard","meta":{"_acf_changed":false,"footnotes":""},"categories":[4],"tags":[19,20],"class_list":["post-2161","post","type-post","status-publish","format-standard","has-post-thumbnail","hentry","category-non-classifiee","tag-bcnc-fr","tag-south-sudan-fr"],"acf":[],"yoast_head":"<!-- This site is optimized with the Yoast SEO plugin v27.4 - https:\/\/yoast.com\/product\/yoast-seo-wordpress\/ -->\n<title>Soudan du Sud : Remise des dipl\u00f4mes \u00e0 \u00ab l\u2019\u00e9cole dans l\u2019h\u00f4pital \u00bb de MSF - MSF<\/title>\n<meta name=\"robots\" content=\"index, follow, max-snippet:-1, max-image-preview:large, max-video-preview:-1\" \/>\n<link rel=\"canonical\" href=\"https:\/\/academy.msf.org\/fr\/south-sudan-graduation-day-at-msfs-college-within-a-hospital\/\" \/>\n<meta property=\"og:locale\" content=\"fr_FR\" \/>\n<meta property=\"og:type\" content=\"article\" \/>\n<meta property=\"og:title\" content=\"Soudan du Sud : Remise des dipl\u00f4mes \u00e0 \u00ab l\u2019\u00e9cole dans l\u2019h\u00f4pital \u00bb de MSF - MSF\" \/>\n<meta property=\"og:description\" content=\"D\u00e9cembre 2022 Wilson Thiongo Manager p\u00e9dagogique de l&#8217;Acad\u00e9mie MSF au Soudan du Sud Wilson Thiongo partage son exp\u00e9rience de formateur de personnel infirmier avec l&#8217;Acad\u00e9mie MSF, ainsi que des photos d&#8217;une journ\u00e9e de remise de dipl\u00f4mes dans une r\u00e9gion recul\u00e9e du Soudan du Sud. Le fait d&#8217;\u00eatre passionn\u00e9 par ma carri\u00e8re d&#8217;infirmier et de vouloir [&hellip;]\" \/>\n<meta property=\"og:url\" content=\"https:\/\/academy.msf.org\/fr\/south-sudan-graduation-day-at-msfs-college-within-a-hospital\/\" \/>\n<meta property=\"og:site_name\" content=\"MSF\" \/>\n<meta property=\"article:published_time\" content=\"2022-12-25T10:22:00+00:00\" \/>\n<meta property=\"article:modified_time\" content=\"2025-04-07T11:42:04+00:00\" \/>\n<meta property=\"og:image\" content=\"https:\/\/academy.msf.org\/app\/uploads\/2022\/12\/P1002680-2.jpg\" \/>\n\t<meta property=\"og:image:width\" content=\"1000\" \/>\n\t<meta property=\"og:image:height\" content=\"750\" \/>\n\t<meta property=\"og:image:type\" content=\"image\/jpeg\" \/>\n<meta name=\"author\" content=\"Alicia\" \/>\n<meta name=\"twitter:card\" content=\"summary_large_image\" \/>\n<meta name=\"twitter:label1\" content=\"Written by\" \/>\n\t<meta name=\"twitter:data1\" content=\"Alicia\" \/>\n\t<meta name=\"twitter:label2\" content=\"Est. reading time\" \/>\n\t<meta name=\"twitter:data2\" content=\"5 minutes\" \/>\n<script type=\"application\/ld+json\" class=\"yoast-schema-graph\">{\"@context\":\"https:\\\/\\\/schema.org\",\"@graph\":[{\"@type\":\"Article\",\"@id\":\"https:\\\/\\\/academy.msf.org\\\/fr\\\/south-sudan-graduation-day-at-msfs-college-within-a-hospital\\\/#article\",\"isPartOf\":{\"@id\":\"https:\\\/\\\/academy.msf.org\\\/fr\\\/south-sudan-graduation-day-at-msfs-college-within-a-hospital\\\/\"},\"author\":{\"name\":\"Alicia\",\"@id\":\"https:\\\/\\\/academy.msf.org\\\/fr\\\/#\\\/schema\\\/person\\\/f01c5b5157e4f4a568acd413b120bd76\"},\"headline\":\"Soudan du Sud : Remise des dipl\u00f4mes \u00e0 \u00ab l\u2019\u00e9cole dans l\u2019h\u00f4pital \u00bb de MSF\",\"datePublished\":\"2022-12-25T10:22:00+00:00\",\"dateModified\":\"2025-04-07T11:42:04+00:00\",\"mainEntityOfPage\":{\"@id\":\"https:\\\/\\\/academy.msf.org\\\/fr\\\/south-sudan-graduation-day-at-msfs-college-within-a-hospital\\\/\"},\"wordCount\":678,\"image\":{\"@id\":\"https:\\\/\\\/academy.msf.org\\\/fr\\\/south-sudan-graduation-day-at-msfs-college-within-a-hospital\\\/#primaryimage\"},\"thumbnailUrl\":\"https:\\\/\\\/academy.msf.org\\\/app\\\/uploads\\\/2022\\\/12\\\/P1002680-2.jpg\",\"keywords\":[\"BCNC\",\"South Sudan\"],\"articleSection\":[\"Non classifi\u00e9(e)\"],\"inLanguage\":\"fr-FR\"},{\"@type\":\"WebPage\",\"@id\":\"https:\\\/\\\/academy.msf.org\\\/fr\\\/south-sudan-graduation-day-at-msfs-college-within-a-hospital\\\/\",\"url\":\"https:\\\/\\\/academy.msf.org\\\/fr\\\/south-sudan-graduation-day-at-msfs-college-within-a-hospital\\\/\",\"name\":\"Soudan du Sud : Remise des dipl\u00f4mes \u00e0 \u00ab l\u2019\u00e9cole dans l\u2019h\u00f4pital \u00bb de MSF - MSF\",\"isPartOf\":{\"@id\":\"https:\\\/\\\/academy.msf.org\\\/fr\\\/#website\"},\"primaryImageOfPage\":{\"@id\":\"https:\\\/\\\/academy.msf.org\\\/fr\\\/south-sudan-graduation-day-at-msfs-college-within-a-hospital\\\/#primaryimage\"},\"image\":{\"@id\":\"https:\\\/\\\/academy.msf.org\\\/fr\\\/south-sudan-graduation-day-at-msfs-college-within-a-hospital\\\/#primaryimage\"},\"thumbnailUrl\":\"https:\\\/\\\/academy.msf.org\\\/app\\\/uploads\\\/2022\\\/12\\\/P1002680-2.jpg\",\"datePublished\":\"2022-12-25T10:22:00+00:00\",\"dateModified\":\"2025-04-07T11:42:04+00:00\",\"author\":{\"@id\":\"https:\\\/\\\/academy.msf.org\\\/fr\\\/#\\\/schema\\\/person\\\/f01c5b5157e4f4a568acd413b120bd76\"},\"breadcrumb\":{\"@id\":\"https:\\\/\\\/academy.msf.org\\\/fr\\\/south-sudan-graduation-day-at-msfs-college-within-a-hospital\\\/#breadcrumb\"},\"inLanguage\":\"fr-FR\",\"potentialAction\":[{\"@type\":\"ReadAction\",\"target\":[\"https:\\\/\\\/academy.msf.org\\\/fr\\\/south-sudan-graduation-day-at-msfs-college-within-a-hospital\\\/\"]}]},{\"@type\":\"ImageObject\",\"inLanguage\":\"fr-FR\",\"@id\":\"https:\\\/\\\/academy.msf.org\\\/fr\\\/south-sudan-graduation-day-at-msfs-college-within-a-hospital\\\/#primaryimage\",\"url\":\"https:\\\/\\\/academy.msf.org\\\/app\\\/uploads\\\/2022\\\/12\\\/P1002680-2.jpg\",\"contentUrl\":\"https:\\\/\\\/academy.msf.org\\\/app\\\/uploads\\\/2022\\\/12\\\/P1002680-2.jpg\",\"width\":1000,\"height\":750},{\"@type\":\"BreadcrumbList\",\"@id\":\"https:\\\/\\\/academy.msf.org\\\/fr\\\/south-sudan-graduation-day-at-msfs-college-within-a-hospital\\\/#breadcrumb\",\"itemListElement\":[{\"@type\":\"ListItem\",\"position\":1,\"name\":\"Home\",\"item\":\"https:\\\/\\\/academy.msf.org\\\/fr\\\/\"},{\"@type\":\"ListItem\",\"position\":2,\"name\":\"Soudan du Sud : Remise des dipl\u00f4mes \u00e0 \u00ab l\u2019\u00e9cole dans l\u2019h\u00f4pital \u00bb de MSF\"}]},{\"@type\":\"WebSite\",\"@id\":\"https:\\\/\\\/academy.msf.org\\\/fr\\\/#website\",\"url\":\"https:\\\/\\\/academy.msf.org\\\/fr\\\/\",\"name\":\"MSF\",\"description\":\"\",\"potentialAction\":[{\"@type\":\"SearchAction\",\"target\":{\"@type\":\"EntryPoint\",\"urlTemplate\":\"https:\\\/\\\/academy.msf.org\\\/fr\\\/?s={search_term_string}\"},\"query-input\":{\"@type\":\"PropertyValueSpecification\",\"valueRequired\":true,\"valueName\":\"search_term_string\"}}],\"inLanguage\":\"fr-FR\"},{\"@type\":\"Person\",\"@id\":\"https:\\\/\\\/academy.msf.org\\\/fr\\\/#\\\/schema\\\/person\\\/f01c5b5157e4f4a568acd413b120bd76\",\"name\":\"Alicia\",\"image\":{\"@type\":\"ImageObject\",\"inLanguage\":\"fr-FR\",\"@id\":\"https:\\\/\\\/secure.gravatar.com\\\/avatar\\\/e4090cb0e35b4729fa39575fe5bb7f73435d2f21eb0c260bf6c6a8ace7dfd7dc?s=96&d=mm&r=g\",\"url\":\"https:\\\/\\\/secure.gravatar.com\\\/avatar\\\/e4090cb0e35b4729fa39575fe5bb7f73435d2f21eb0c260bf6c6a8ace7dfd7dc?s=96&d=mm&r=g\",\"contentUrl\":\"https:\\\/\\\/secure.gravatar.com\\\/avatar\\\/e4090cb0e35b4729fa39575fe5bb7f73435d2f21eb0c260bf6c6a8ace7dfd7dc?s=96&d=mm&r=g\",\"caption\":\"Alicia\"},\"url\":\"https:\\\/\\\/academy.msf.org\\\/fr\\\/author\\\/al1c1ag\\\/\"}]}<\/script>\n<!-- \/ Yoast SEO plugin. -->","yoast_head_json":{"title":"Soudan du Sud : Remise des dipl\u00f4mes \u00e0 \u00ab l\u2019\u00e9cole dans l\u2019h\u00f4pital \u00bb de MSF - MSF","robots":{"index":"index","follow":"follow","max-snippet":"max-snippet:-1","max-image-preview":"max-image-preview:large","max-video-preview":"max-video-preview:-1"},"canonical":"https:\/\/academy.msf.org\/fr\/south-sudan-graduation-day-at-msfs-college-within-a-hospital\/","og_locale":"fr_FR","og_type":"article","og_title":"Soudan du Sud : Remise des dipl\u00f4mes \u00e0 \u00ab l\u2019\u00e9cole dans l\u2019h\u00f4pital \u00bb de MSF - MSF","og_description":"D\u00e9cembre 2022 Wilson Thiongo Manager p\u00e9dagogique de l&#8217;Acad\u00e9mie MSF au Soudan du Sud Wilson Thiongo partage son exp\u00e9rience de formateur de personnel infirmier avec l&#8217;Acad\u00e9mie MSF, ainsi que des photos d&#8217;une journ\u00e9e de remise de dipl\u00f4mes dans une r\u00e9gion recul\u00e9e du Soudan du Sud. Le fait d&#8217;\u00eatre passionn\u00e9 par ma carri\u00e8re d&#8217;infirmier et de vouloir [&hellip;]","og_url":"https:\/\/academy.msf.org\/fr\/south-sudan-graduation-day-at-msfs-college-within-a-hospital\/","og_site_name":"MSF","article_published_time":"2022-12-25T10:22:00+00:00","article_modified_time":"2025-04-07T11:42:04+00:00","og_image":[{"width":1000,"height":750,"url":"https:\/\/academy.msf.org\/app\/uploads\/2022\/12\/P1002680-2.jpg","type":"image\/jpeg"}],"author":"Alicia","twitter_card":"summary_large_image","twitter_misc":{"Written by":"Alicia","Est. reading time":"5 minutes"},"schema":{"@context":"https:\/\/schema.org","@graph":[{"@type":"Article","@id":"https:\/\/academy.msf.org\/fr\/south-sudan-graduation-day-at-msfs-college-within-a-hospital\/#article","isPartOf":{"@id":"https:\/\/academy.msf.org\/fr\/south-sudan-graduation-day-at-msfs-college-within-a-hospital\/"},"author":{"name":"Alicia","@id":"https:\/\/academy.msf.org\/fr\/#\/schema\/person\/f01c5b5157e4f4a568acd413b120bd76"},"headline":"Soudan du Sud : Remise des dipl\u00f4mes \u00e0 \u00ab l\u2019\u00e9cole dans l\u2019h\u00f4pital \u00bb de MSF","datePublished":"2022-12-25T10:22:00+00:00","dateModified":"2025-04-07T11:42:04+00:00","mainEntityOfPage":{"@id":"https:\/\/academy.msf.org\/fr\/south-sudan-graduation-day-at-msfs-college-within-a-hospital\/"},"wordCount":678,"image":{"@id":"https:\/\/academy.msf.org\/fr\/south-sudan-graduation-day-at-msfs-college-within-a-hospital\/#primaryimage"},"thumbnailUrl":"https:\/\/academy.msf.org\/app\/uploads\/2022\/12\/P1002680-2.jpg","keywords":["BCNC","South Sudan"],"articleSection":["Non classifi\u00e9(e)"],"inLanguage":"fr-FR"},{"@type":"WebPage","@id":"https:\/\/academy.msf.org\/fr\/south-sudan-graduation-day-at-msfs-college-within-a-hospital\/","url":"https:\/\/academy.msf.org\/fr\/south-sudan-graduation-day-at-msfs-college-within-a-hospital\/","name":"Soudan du Sud : Remise des dipl\u00f4mes \u00e0 \u00ab l\u2019\u00e9cole dans l\u2019h\u00f4pital \u00bb de MSF - MSF","isPartOf":{"@id":"https:\/\/academy.msf.org\/fr\/#website"},"primaryImageOfPage":{"@id":"https:\/\/academy.msf.org\/fr\/south-sudan-graduation-day-at-msfs-college-within-a-hospital\/#primaryimage"},"image":{"@id":"https:\/\/academy.msf.org\/fr\/south-sudan-graduation-day-at-msfs-college-within-a-hospital\/#primaryimage"},"thumbnailUrl":"https:\/\/academy.msf.org\/app\/uploads\/2022\/12\/P1002680-2.jpg","datePublished":"2022-12-25T10:22:00+00:00","dateModified":"2025-04-07T11:42:04+00:00","author":{"@id":"https:\/\/academy.msf.org\/fr\/#\/schema\/person\/f01c5b5157e4f4a568acd413b120bd76"},"breadcrumb":{"@id":"https:\/\/academy.msf.org\/fr\/south-sudan-graduation-day-at-msfs-college-within-a-hospital\/#breadcrumb"},"inLanguage":"fr-FR","potentialAction":[{"@type":"ReadAction","target":["https:\/\/academy.msf.org\/fr\/south-sudan-graduation-day-at-msfs-college-within-a-hospital\/"]}]},{"@type":"ImageObject","inLanguage":"fr-FR","@id":"https:\/\/academy.msf.org\/fr\/south-sudan-graduation-day-at-msfs-college-within-a-hospital\/#primaryimage","url":"https:\/\/academy.msf.org\/app\/uploads\/2022\/12\/P1002680-2.jpg","contentUrl":"https:\/\/academy.msf.org\/app\/uploads\/2022\/12\/P1002680-2.jpg","width":1000,"height":750},{"@type":"BreadcrumbList","@id":"https:\/\/academy.msf.org\/fr\/south-sudan-graduation-day-at-msfs-college-within-a-hospital\/#breadcrumb","itemListElement":[{"@type":"ListItem","position":1,"name":"Home","item":"https:\/\/academy.msf.org\/fr\/"},{"@type":"ListItem","position":2,"name":"Soudan du Sud : Remise des dipl\u00f4mes \u00e0 \u00ab l\u2019\u00e9cole dans l\u2019h\u00f4pital \u00bb de MSF"}]},{"@type":"WebSite","@id":"https:\/\/academy.msf.org\/fr\/#website","url":"https:\/\/academy.msf.org\/fr\/","name":"MSF","description":"","potentialAction":[{"@type":"SearchAction","target":{"@type":"EntryPoint","urlTemplate":"https:\/\/academy.msf.org\/fr\/?s={search_term_string}"},"query-input":{"@type":"PropertyValueSpecification","valueRequired":true,"valueName":"search_term_string"}}],"inLanguage":"fr-FR"},{"@type":"Person","@id":"https:\/\/academy.msf.org\/fr\/#\/schema\/person\/f01c5b5157e4f4a568acd413b120bd76","name":"Alicia","image":{"@type":"ImageObject","inLanguage":"fr-FR","@id":"https:\/\/secure.gravatar.com\/avatar\/e4090cb0e35b4729fa39575fe5bb7f73435d2f21eb0c260bf6c6a8ace7dfd7dc?s=96&d=mm&r=g","url":"https:\/\/secure.gravatar.com\/avatar\/e4090cb0e35b4729fa39575fe5bb7f73435d2f21eb0c260bf6c6a8ace7dfd7dc?s=96&d=mm&r=g","contentUrl":"https:\/\/secure.gravatar.com\/avatar\/e4090cb0e35b4729fa39575fe5bb7f73435d2f21eb0c260bf6c6a8ace7dfd7dc?s=96&d=mm&r=g","caption":"Alicia"},"url":"https:\/\/academy.msf.org\/fr\/author\/al1c1ag\/"}]}},"_links":{"self":[{"href":"https:\/\/academy.msf.org\/fr\/wp-json\/wp\/v2\/posts\/2161","targetHints":{"allow":["GET"]}}],"collection":[{"href":"https:\/\/academy.msf.org\/fr\/wp-json\/wp\/v2\/posts"}],"about":[{"href":"https:\/\/academy.msf.org\/fr\/wp-json\/wp\/v2\/types\/post"}],"author":[{"embeddable":true,"href":"https:\/\/academy.msf.org\/fr\/wp-json\/wp\/v2\/users\/2"}],"replies":[{"embeddable":true,"href":"https:\/\/academy.msf.org\/fr\/wp-json\/wp\/v2\/comments?post=2161"}],"version-history":[{"count":8,"href":"https:\/\/academy.msf.org\/fr\/wp-json\/wp\/v2\/posts\/2161\/revisions"}],"predecessor-version":[{"id":3870,"href":"https:\/\/academy.msf.org\/fr\/wp-json\/wp\/v2\/posts\/2161\/revisions\/3870"}],"wp:featuredmedia":[{"embeddable":true,"href":"https:\/\/academy.msf.org\/fr\/wp-json\/wp\/v2\/media\/3865"}],"wp:attachment":[{"href":"https:\/\/academy.msf.org\/fr\/wp-json\/wp\/v2\/media?parent=2161"}],"wp:term":[{"taxonomy":"category","embeddable":true,"href":"https:\/\/academy.msf.org\/fr\/wp-json\/wp\/v2\/categories?post=2161"},{"taxonomy":"post_tag","embeddable":true,"href":"https:\/\/academy.msf.org\/fr\/wp-json\/wp\/v2\/tags?post=2161"}],"curies":[{"name":"wp","href":"https:\/\/api.w.org\/{rel}","templated":true}]}}